{"id":6238,"date":"2025-08-27T21:11:50","date_gmt":"2025-08-27T19:11:50","guid":{"rendered":"https:\/\/ogv-oeffingen.de\/?p=6238"},"modified":"2026-04-26T18:48:15","modified_gmt":"2026-04-26T16:48:15","slug":"stow-kids-giessen-baeume","status":"publish","type":"post","link":"https:\/\/ogv-oeffingen.de\/?p=6238","title":{"rendered":"STOW-Kids gie\u00dfen B\u00e4ume"},"content":{"rendered":"<div class=\"wp-block-image\">\n<figure class=\"alignright size-large is-resized\"><img loading=\"lazy\" decoding=\"async\" width=\"768\" height=\"1024\" src=\"https:\/\/ogv-oeffingen.de\/wp-content\/uploads\/2025\/10\/STOW_Giessen_Aug_2025-1-768x1024.jpg\" alt=\"\" class=\"wp-image-6241\" style=\"width:274px;height:auto\" srcset=\"https:\/\/ogv-oeffingen.de\/wp-content\/uploads\/2025\/10\/STOW_Giessen_Aug_2025-1-768x1024.jpg 768w, https:\/\/ogv-oeffingen.de\/wp-content\/uploads\/2025\/10\/STOW_Giessen_Aug_2025-1-225x300.jpg 225w, https:\/\/ogv-oeffingen.de\/wp-content\/uploads\/2025\/10\/STOW_Giessen_Aug_2025-1-1152x1536.jpg 1152w, https:\/\/ogv-oeffingen.de\/wp-content\/uploads\/2025\/10\/STOW_Giessen_Aug_2025-1.jpg 1200w\" sizes=\"auto, (max-width: 768px) 100vw, 768px\" \/><\/figure>\n<\/div>\n\n\n<p>Sommerende und wieder kein Regen in Sicht. Damit war klar, ein Gie\u00dfeinsatz f\u00fcr die Jungb\u00e4ume mit Wolles Traktor wurde n\u00f6tig. Aber w\u00e4hrend sonst die \u201ealten\u201c STOW-Projektler t\u00e4tig wurden war es diesmal der Nachwuchs, der unter Wolles Anleitung die Aufgabe \u00fcbernahm.<\/p>\n\n\n\n<p>So wurde zusammen der Tank auf den Anh\u00e4nger gehievt, der Schlauch angeschlossen, der Tank bef\u00fcllt und los ging die wilde Fahrt zu den Projektwiesen. Auch dort waren die Kids ein eingespieltes Team und gossen mit dem Schlauch direkt vom Traktor aus.<\/p>\n\n\n\n<p>Der Lohn der M\u00fche? Das Gemeinschafsgef\u00fchl?! Naja, wir sind ehrlich, nat\u00fcrlich die Aussicht Wolles Traktor f\u00fcr ein kurzes St\u00fcck \u00fcber die Wiese selbst steuern zu d\u00fcrfen.<\/p>\n\n\n\n<figure class=\"wp-block-gallery alignleft has-nested-images columns-2 is-cropped wp-block-gallery-1 is-layout-flex wp-block-gallery-is-layout-flex\">\n<figure class=\"wp-block-image size-large\"><img loading=\"lazy\" decoding=\"async\" width=\"1024\" height=\"768\" data-id=\"6242\" src=\"https:\/\/ogv-oeffingen.de\/wp-content\/uploads\/2025\/10\/STOW_Giessen_Aug_2025-4-1024x768.jpg\" alt=\"\" class=\"wp-image-6242\" srcset=\"https:\/\/ogv-oeffingen.de\/wp-content\/uploads\/2025\/10\/STOW_Giessen_Aug_2025-4-1024x768.jpg 1024w, https:\/\/ogv-oeffingen.de\/wp-content\/uploads\/2025\/10\/STOW_Giessen_Aug_2025-4-300x225.jpg 300w, https:\/\/ogv-oeffingen.de\/wp-content\/uploads\/2025\/10\/STOW_Giessen_Aug_2025-4-768x576.jpg 768w, https:\/\/ogv-oeffingen.de\/wp-content\/uploads\/2025\/10\/STOW_Giessen_Aug_2025-4.jpg 1500w\" sizes=\"auto, (max-width: 1024px) 100vw, 1024px\" \/><\/figure>\n<\/figure>\n\n\n\n<p>Und was machten die Eltern? Kaffeetrinken in der Sonne. Noch Fragen?<\/p>\n\n\n\n<p>P\u00e4dagogisch gesehen, war dies ein wertvoller Nachmittag. Er f\u00f6rderte die Selbstst\u00e4ndigkeit der Kinder, st\u00e4rkte ihr Verantwortungsbewusstsein und zeigte, wie viel Freude gemeinsames Engagement machen kann. Aber einfach gesagt, hatten alle einen Riesenspa\u00df. Dank Wolle und seinem Traktor!<\/p>\n","protected":false},"excerpt":{"rendered":"<p>Sommerende und wieder kein Regen in Sicht. Damit war klar, ein Gie\u00dfeinsatz f\u00fcr die Jungb\u00e4ume mit Wolles Traktor wurde n\u00f6tig. Aber w\u00e4hrend sonst die \u201ealten\u201c STOW-Projektler t\u00e4tig wurden war es&hellip;&nbsp;<a href=\"https:\/\/ogv-oeffingen.de\/?p=6238\" rel=\"bookmark\">Weiterlesen &raquo;<span class=\"screen-reader-text\">STOW-Kids gie\u00dfen B\u00e4ume<\/span><\/a><\/p>\n","protected":false},"author":5,"featured_media":6239,"comment_status":"closed","ping_status":"open","sticky":false,"template":"","format":"standard","meta":{"_uag_custom_page_level_css":"","neve_meta_sidebar":"","neve_meta_container":"","neve_meta_enable_content_width":"","neve_meta_content_width":0,"neve_meta_title_alignment":"","neve_meta_author_avatar":"","neve_post_elements_order":"","neve_meta_disable_header":"","neve_meta_disable_footer":"","neve_meta_disable_title":"","_EventAllDay":false,"_EventTimezone":"","_EventStartDate":"","_EventEndDate":"","_EventStartDateUTC":"","_EventEndDateUTC":"","_EventShowMap":false,"_EventShowMapLink":false,"_EventURL":"","_EventCost":"","_EventCostDescription":"","_EventCurrencySymbol":"","_EventCurrencyCode":"","_EventCurrencyPosition":"","_EventDateTimeSeparator":"","_EventTimeRangeSeparator":"","_EventOrganizerID":[],"_EventVenueID":[],"_OrganizerEmail":"","_OrganizerPhone":"","_OrganizerWebsite":"","_VenueAddress":"","_VenueCity":"","_VenueCountry":"","_VenueProvince":"","_VenueState":"","_VenueZip":"","_VenuePhone":"","_VenueURL":"","_VenueStateProvince":"","_VenueLat":"","_VenueLng":"","_VenueShowMap":false,"_VenueShowMapLink":false,"footnotes":""},"categories":[1,16],"tags":[],"class_list":["post-6238","post","type-post","status-publish","format-standard","has-post-thumbnail","hentry","category-allgemein","category-stowreport"],"featured_image_src":"https:\/\/ogv-oeffingen.de\/wp-content\/uploads\/2025\/10\/STOW_Giessen_Aug_2025-2.jpg","author_info":{"display_name":"Uli Neumann","author_link":"https:\/\/ogv-oeffingen.de\/?author=5"},"yoast_head":"<!-- This site is optimized with the Yoast SEO plugin v27.4 - https:\/\/yoast.com\/product\/yoast-seo-wordpress\/ -->\n<title>STOW-Kids gie\u00dfen B\u00e4ume - Obst- und Gartenbauverein Oeffingen e.V.<\/title>\n<meta name=\"description\" content=\"Kids gie\u00dfen die Jungb\u00e4ume auf der Streuobstwiese.\" \/>\n<meta name=\"robots\" content=\"index, follow, max-snippet:-1, max-image-preview:large, max-video-preview:-1\" \/>\n<link rel=\"canonical\" href=\"https:\/\/ogv-oeffingen.de\/?p=6238\" \/>\n<meta property=\"og:locale\" content=\"de_DE\" \/>\n<meta property=\"og:type\" content=\"article\" \/>\n<meta property=\"og:title\" content=\"STOW-Kids gie\u00dfen B\u00e4ume - Obst- und Gartenbauverein Oeffingen e.V.\" \/>\n<meta property=\"og:description\" content=\"Kids gie\u00dfen die Jungb\u00e4ume auf der Streuobstwiese.\" \/>\n<meta property=\"og:url\" content=\"https:\/\/ogv-oeffingen.de\/?p=6238\" \/>\n<meta property=\"og:site_name\" content=\"Obst- und Gartenbauverein Oeffingen e.V.\" \/>\n<meta property=\"article:published_time\" content=\"2025-08-27T19:11:50+00:00\" \/>\n<meta property=\"article:modified_time\" content=\"2026-04-26T16:48:15+00:00\" \/>\n<meta property=\"og:image\" content=\"https:\/\/ogv-oeffingen.de\/wp-content\/uploads\/2025\/10\/STOW_Giessen_Aug_2025-2.jpg\" \/>\n\t<meta property=\"og:image:width\" content=\"1500\" \/>\n\t<meta property=\"og:image:height\" content=\"1125\" \/>\n\t<meta property=\"og:image:type\" content=\"image\/jpeg\" \/>\n<meta name=\"author\" content=\"Uli Neumann\" \/>\n<meta name=\"twitter:card\" content=\"summary_large_image\" \/>\n<meta name=\"twitter:label1\" content=\"Verfasst von\" \/>\n\t<meta name=\"twitter:data1\" content=\"Uli Neumann\" \/>\n\t<meta name=\"twitter:label2\" content=\"Gesch\u00e4tzte Lesezeit\" \/>\n\t<meta name=\"twitter:data2\" content=\"2\u00a0Minuten\" \/>\n<script type=\"application\/ld+json\" class=\"yoast-schema-graph\">{\"@context\":\"https:\\\/\\\/schema.org\",\"@graph\":[{\"@type\":\"Article\",\"@id\":\"https:\\\/\\\/ogv-oeffingen.de\\\/?p=6238#article\",\"isPartOf\":{\"@id\":\"https:\\\/\\\/ogv-oeffingen.de\\\/?p=6238\"},\"author\":{\"name\":\"Uli Neumann\",\"@id\":\"https:\\\/\\\/ogv-oeffingen.de\\\/#\\\/schema\\\/person\\\/bfb1a3b2ac6dbc6496edd9cc969266cc\"},\"headline\":\"STOW-Kids gie\u00dfen B\u00e4ume\",\"datePublished\":\"2025-08-27T19:11:50+00:00\",\"dateModified\":\"2026-04-26T16:48:15+00:00\",\"mainEntityOfPage\":{\"@id\":\"https:\\\/\\\/ogv-oeffingen.de\\\/?p=6238\"},\"wordCount\":178,\"publisher\":{\"@id\":\"https:\\\/\\\/ogv-oeffingen.de\\\/#organization\"},\"image\":{\"@id\":\"https:\\\/\\\/ogv-oeffingen.de\\\/?p=6238#primaryimage\"},\"thumbnailUrl\":\"https:\\\/\\\/ogv-oeffingen.de\\\/wp-content\\\/uploads\\\/2025\\\/10\\\/STOW_Giessen_Aug_2025-2.jpg\",\"articleSection\":{\"1\":\"STOW-Report\"},\"inLanguage\":\"de\"},{\"@type\":\"WebPage\",\"@id\":\"https:\\\/\\\/ogv-oeffingen.de\\\/?p=6238\",\"url\":\"https:\\\/\\\/ogv-oeffingen.de\\\/?p=6238\",\"name\":\"STOW-Kids gie\u00dfen B\u00e4ume - Obst- und Gartenbauverein Oeffingen e.V.\",\"isPartOf\":{\"@id\":\"https:\\\/\\\/ogv-oeffingen.de\\\/#website\"},\"primaryImageOfPage\":{\"@id\":\"https:\\\/\\\/ogv-oeffingen.de\\\/?p=6238#primaryimage\"},\"image\":{\"@id\":\"https:\\\/\\\/ogv-oeffingen.de\\\/?p=6238#primaryimage\"},\"thumbnailUrl\":\"https:\\\/\\\/ogv-oeffingen.de\\\/wp-content\\\/uploads\\\/2025\\\/10\\\/STOW_Giessen_Aug_2025-2.jpg\",\"datePublished\":\"2025-08-27T19:11:50+00:00\",\"dateModified\":\"2026-04-26T16:48:15+00:00\",\"description\":\"Kids gie\u00dfen die Jungb\u00e4ume auf der Streuobstwiese.\",\"breadcrumb\":{\"@id\":\"https:\\\/\\\/ogv-oeffingen.de\\\/?p=6238#breadcrumb\"},\"inLanguage\":\"de\",\"potentialAction\":[{\"@type\":\"ReadAction\",\"target\":[\"https:\\\/\\\/ogv-oeffingen.de\\\/?p=6238\"]}]},{\"@type\":\"ImageObject\",\"inLanguage\":\"de\",\"@id\":\"https:\\\/\\\/ogv-oeffingen.de\\\/?p=6238#primaryimage\",\"url\":\"https:\\\/\\\/ogv-oeffingen.de\\\/wp-content\\\/uploads\\\/2025\\\/10\\\/STOW_Giessen_Aug_2025-2.jpg\",\"contentUrl\":\"https:\\\/\\\/ogv-oeffingen.de\\\/wp-content\\\/uploads\\\/2025\\\/10\\\/STOW_Giessen_Aug_2025-2.jpg\",\"width\":1500,\"height\":1125},{\"@type\":\"BreadcrumbList\",\"@id\":\"https:\\\/\\\/ogv-oeffingen.de\\\/?p=6238#breadcrumb\",\"itemListElement\":[{\"@type\":\"ListItem\",\"position\":1,\"name\":\"Startseite\",\"item\":\"https:\\\/\\\/ogv-oeffingen.de\\\/\"},{\"@type\":\"ListItem\",\"position\":2,\"name\":\"STOW-Kids gie\u00dfen B\u00e4ume\"}]},{\"@type\":\"WebSite\",\"@id\":\"https:\\\/\\\/ogv-oeffingen.de\\\/#website\",\"url\":\"https:\\\/\\\/ogv-oeffingen.de\\\/\",\"name\":\"Obst- und Gartenbauverein Oeffingen e.V.\",\"description\":\"\",\"publisher\":{\"@id\":\"https:\\\/\\\/ogv-oeffingen.de\\\/#organization\"},\"potentialAction\":[{\"@type\":\"SearchAction\",\"target\":{\"@type\":\"EntryPoint\",\"urlTemplate\":\"https:\\\/\\\/ogv-oeffingen.de\\\/?s={search_term_string}\"},\"query-input\":{\"@type\":\"PropertyValueSpecification\",\"valueRequired\":true,\"valueName\":\"search_term_string\"}}],\"inLanguage\":\"de\"},{\"@type\":\"Organization\",\"@id\":\"https:\\\/\\\/ogv-oeffingen.de\\\/#organization\",\"name\":\"Obst- und Gartenbauverein Oeffingen e.V.\",\"url\":\"https:\\\/\\\/ogv-oeffingen.de\\\/\",\"logo\":{\"@type\":\"ImageObject\",\"inLanguage\":\"de\",\"@id\":\"https:\\\/\\\/ogv-oeffingen.de\\\/#\\\/schema\\\/logo\\\/image\\\/\",\"url\":\"https:\\\/\\\/ogv-oeffingen.de\\\/wp-content\\\/uploads\\\/2021\\\/07\\\/OGV_Logo_03.jpg\",\"contentUrl\":\"https:\\\/\\\/ogv-oeffingen.de\\\/wp-content\\\/uploads\\\/2021\\\/07\\\/OGV_Logo_03.jpg\",\"width\":1013,\"height\":1127,\"caption\":\"Obst- und Gartenbauverein Oeffingen e.V.\"},\"image\":{\"@id\":\"https:\\\/\\\/ogv-oeffingen.de\\\/#\\\/schema\\\/logo\\\/image\\\/\"},\"sameAs\":[\"https:\\\/\\\/www.instagram.com\\\/ogv_oeffingen\"]},{\"@type\":\"Person\",\"@id\":\"https:\\\/\\\/ogv-oeffingen.de\\\/#\\\/schema\\\/person\\\/bfb1a3b2ac6dbc6496edd9cc969266cc\",\"name\":\"Uli Neumann\",\"image\":{\"@type\":\"ImageObject\",\"inLanguage\":\"de\",\"@id\":\"https:\\\/\\\/secure.gravatar.com\\\/avatar\\\/d20aaa3dcefad98999218199bb04efd5574679f606f167d290e3f159ae8c9844?s=96&d=mm&r=g\",\"url\":\"https:\\\/\\\/secure.gravatar.com\\\/avatar\\\/d20aaa3dcefad98999218199bb04efd5574679f606f167d290e3f159ae8c9844?s=96&d=mm&r=g\",\"contentUrl\":\"https:\\\/\\\/secure.gravatar.com\\\/avatar\\\/d20aaa3dcefad98999218199bb04efd5574679f606f167d290e3f159ae8c9844?s=96&d=mm&r=g\",\"caption\":\"Uli Neumann\"},\"url\":\"https:\\\/\\\/ogv-oeffingen.de\\\/?author=5\"}]}<\/script>\n<!-- \/ Yoast SEO plugin. -->","yoast_head_json":{"title":"STOW-Kids gie\u00dfen B\u00e4ume - Obst- und Gartenbauverein Oeffingen e.V.","description":"Kids gie\u00dfen die Jungb\u00e4ume auf der Streuobstwiese.","robots":{"index":"index","follow":"follow","max-snippet":"max-snippet:-1","max-image-preview":"max-image-preview:large","max-video-preview":"max-video-preview:-1"},"canonical":"https:\/\/ogv-oeffingen.de\/?p=6238","og_locale":"de_DE","og_type":"article","og_title":"STOW-Kids gie\u00dfen B\u00e4ume - Obst- und Gartenbauverein Oeffingen e.V.","og_description":"Kids gie\u00dfen die Jungb\u00e4ume auf der Streuobstwiese.","og_url":"https:\/\/ogv-oeffingen.de\/?p=6238","og_site_name":"Obst- und Gartenbauverein Oeffingen e.V.","article_published_time":"2025-08-27T19:11:50+00:00","article_modified_time":"2026-04-26T16:48:15+00:00","og_image":[{"width":1500,"height":1125,"url":"https:\/\/ogv-oeffingen.de\/wp-content\/uploads\/2025\/10\/STOW_Giessen_Aug_2025-2.jpg","type":"image\/jpeg"}],"author":"Uli Neumann","twitter_card":"summary_large_image","twitter_misc":{"Verfasst von":"Uli Neumann","Gesch\u00e4tzte Lesezeit":"2\u00a0Minuten"},"schema":{"@context":"https:\/\/schema.org","@graph":[{"@type":"Article","@id":"https:\/\/ogv-oeffingen.de\/?p=6238#article","isPartOf":{"@id":"https:\/\/ogv-oeffingen.de\/?p=6238"},"author":{"name":"Uli Neumann","@id":"https:\/\/ogv-oeffingen.de\/#\/schema\/person\/bfb1a3b2ac6dbc6496edd9cc969266cc"},"headline":"STOW-Kids gie\u00dfen B\u00e4ume","datePublished":"2025-08-27T19:11:50+00:00","dateModified":"2026-04-26T16:48:15+00:00","mainEntityOfPage":{"@id":"https:\/\/ogv-oeffingen.de\/?p=6238"},"wordCount":178,"publisher":{"@id":"https:\/\/ogv-oeffingen.de\/#organization"},"image":{"@id":"https:\/\/ogv-oeffingen.de\/?p=6238#primaryimage"},"thumbnailUrl":"https:\/\/ogv-oeffingen.de\/wp-content\/uploads\/2025\/10\/STOW_Giessen_Aug_2025-2.jpg","articleSection":{"1":"STOW-Report"},"inLanguage":"de"},{"@type":"WebPage","@id":"https:\/\/ogv-oeffingen.de\/?p=6238","url":"https:\/\/ogv-oeffingen.de\/?p=6238","name":"STOW-Kids gie\u00dfen B\u00e4ume - Obst- und Gartenbauverein Oeffingen e.V.","isPartOf":{"@id":"https:\/\/ogv-oeffingen.de\/#website"},"primaryImageOfPage":{"@id":"https:\/\/ogv-oeffingen.de\/?p=6238#primaryimage"},"image":{"@id":"https:\/\/ogv-oeffingen.de\/?p=6238#primaryimage"},"thumbnailUrl":"https:\/\/ogv-oeffingen.de\/wp-content\/uploads\/2025\/10\/STOW_Giessen_Aug_2025-2.jpg","datePublished":"2025-08-27T19:11:50+00:00","dateModified":"2026-04-26T16:48:15+00:00","description":"Kids gie\u00dfen die Jungb\u00e4ume auf der Streuobstwiese.","breadcrumb":{"@id":"https:\/\/ogv-oeffingen.de\/?p=6238#breadcrumb"},"inLanguage":"de","potentialAction":[{"@type":"ReadAction","target":["https:\/\/ogv-oeffingen.de\/?p=6238"]}]},{"@type":"ImageObject","inLanguage":"de","@id":"https:\/\/ogv-oeffingen.de\/?p=6238#primaryimage","url":"https:\/\/ogv-oeffingen.de\/wp-content\/uploads\/2025\/10\/STOW_Giessen_Aug_2025-2.jpg","contentUrl":"https:\/\/ogv-oeffingen.de\/wp-content\/uploads\/2025\/10\/STOW_Giessen_Aug_2025-2.jpg","width":1500,"height":1125},{"@type":"BreadcrumbList","@id":"https:\/\/ogv-oeffingen.de\/?p=6238#breadcrumb","itemListElement":[{"@type":"ListItem","position":1,"name":"Startseite","item":"https:\/\/ogv-oeffingen.de\/"},{"@type":"ListItem","position":2,"name":"STOW-Kids gie\u00dfen B\u00e4ume"}]},{"@type":"WebSite","@id":"https:\/\/ogv-oeffingen.de\/#website","url":"https:\/\/ogv-oeffingen.de\/","name":"Obst- und Gartenbauverein Oeffingen e.V.","description":"","publisher":{"@id":"https:\/\/ogv-oeffingen.de\/#organization"},"potentialAction":[{"@type":"SearchAction","target":{"@type":"EntryPoint","urlTemplate":"https:\/\/ogv-oeffingen.de\/?s={search_term_string}"},"query-input":{"@type":"PropertyValueSpecification","valueRequired":true,"valueName":"search_term_string"}}],"inLanguage":"de"},{"@type":"Organization","@id":"https:\/\/ogv-oeffingen.de\/#organization","name":"Obst- und Gartenbauverein Oeffingen e.V.","url":"https:\/\/ogv-oeffingen.de\/","logo":{"@type":"ImageObject","inLanguage":"de","@id":"https:\/\/ogv-oeffingen.de\/#\/schema\/logo\/image\/","url":"https:\/\/ogv-oeffingen.de\/wp-content\/uploads\/2021\/07\/OGV_Logo_03.jpg","contentUrl":"https:\/\/ogv-oeffingen.de\/wp-content\/uploads\/2021\/07\/OGV_Logo_03.jpg","width":1013,"height":1127,"caption":"Obst- und Gartenbauverein Oeffingen e.V."},"image":{"@id":"https:\/\/ogv-oeffingen.de\/#\/schema\/logo\/image\/"},"sameAs":["https:\/\/www.instagram.com\/ogv_oeffingen"]},{"@type":"Person","@id":"https:\/\/ogv-oeffingen.de\/#\/schema\/person\/bfb1a3b2ac6dbc6496edd9cc969266cc","name":"Uli Neumann","image":{"@type":"ImageObject","inLanguage":"de","@id":"https:\/\/secure.gravatar.com\/avatar\/d20aaa3dcefad98999218199bb04efd5574679f606f167d290e3f159ae8c9844?s=96&d=mm&r=g","url":"https:\/\/secure.gravatar.com\/avatar\/d20aaa3dcefad98999218199bb04efd5574679f606f167d290e3f159ae8c9844?s=96&d=mm&r=g","contentUrl":"https:\/\/secure.gravatar.com\/avatar\/d20aaa3dcefad98999218199bb04efd5574679f606f167d290e3f159ae8c9844?s=96&d=mm&r=g","caption":"Uli Neumann"},"url":"https:\/\/ogv-oeffingen.de\/?author=5"}]}},"uagb_featured_image_src":{"full":["https:\/\/ogv-oeffingen.de\/wp-content\/uploads\/2025\/10\/STOW_Giessen_Aug_2025-2.jpg",1500,1125,false],"thumbnail":["https:\/\/ogv-oeffingen.de\/wp-content\/uploads\/2025\/10\/STOW_Giessen_Aug_2025-2-150x150.jpg",150,150,true],"medium":["https:\/\/ogv-oeffingen.de\/wp-content\/uploads\/2025\/10\/STOW_Giessen_Aug_2025-2-300x225.jpg",300,225,true],"medium_large":["https:\/\/ogv-oeffingen.de\/wp-content\/uploads\/2025\/10\/STOW_Giessen_Aug_2025-2-768x576.jpg",768,576,true],"large":["https:\/\/ogv-oeffingen.de\/wp-content\/uploads\/2025\/10\/STOW_Giessen_Aug_2025-2-1024x768.jpg",1024,768,true],"1536x1536":["https:\/\/ogv-oeffingen.de\/wp-content\/uploads\/2025\/10\/STOW_Giessen_Aug_2025-2.jpg",1500,1125,false],"2048x2048":["https:\/\/ogv-oeffingen.de\/wp-content\/uploads\/2025\/10\/STOW_Giessen_Aug_2025-2.jpg",1500,1125,false],"neve-blog":["https:\/\/ogv-oeffingen.de\/wp-content\/uploads\/2025\/10\/STOW_Giessen_Aug_2025-2-930x620.jpg",930,620,true]},"uagb_author_info":{"display_name":"Uli Neumann","author_link":"https:\/\/ogv-oeffingen.de\/?author=5"},"uagb_comment_info":0,"uagb_excerpt":"Sommerende und wieder kein Regen in Sicht. Damit war klar, ein Gie\u00dfeinsatz f\u00fcr die Jungb\u00e4ume mit Wolles Traktor wurde n\u00f6tig. Aber w\u00e4hrend sonst die \u201ealten\u201c STOW-Projektler t\u00e4tig wurden war es&hellip;&nbsp;Weiterlesen &raquo;STOW-Kids gie\u00dfen B\u00e4ume","_links":{"self":[{"href":"https:\/\/ogv-oeffingen.de\/index.php?rest_route=\/wp\/v2\/posts\/6238","targetHints":{"allow":["GET"]}}],"collection":[{"href":"https:\/\/ogv-oeffingen.de\/index.php?rest_route=\/wp\/v2\/posts"}],"about":[{"href":"https:\/\/ogv-oeffingen.de\/index.php?rest_route=\/wp\/v2\/types\/post"}],"author":[{"embeddable":true,"href":"https:\/\/ogv-oeffingen.de\/index.php?rest_route=\/wp\/v2\/users\/5"}],"replies":[{"embeddable":true,"href":"https:\/\/ogv-oeffingen.de\/index.php?rest_route=%2Fwp%2Fv2%2Fcomments&post=6238"}],"version-history":[{"count":1,"href":"https:\/\/ogv-oeffingen.de\/index.php?rest_route=\/wp\/v2\/posts\/6238\/revisions"}],"predecessor-version":[{"id":6244,"href":"https:\/\/ogv-oeffingen.de\/index.php?rest_route=\/wp\/v2\/posts\/6238\/revisions\/6244"}],"wp:featuredmedia":[{"embeddable":true,"href":"https:\/\/ogv-oeffingen.de\/index.php?rest_route=\/wp\/v2\/media\/6239"}],"wp:attachment":[{"href":"https:\/\/ogv-oeffingen.de\/index.php?rest_route=%2Fwp%2Fv2%2Fmedia&parent=6238"}],"wp:term":[{"taxonomy":"category","embeddable":true,"href":"https:\/\/ogv-oeffingen.de\/index.php?rest_route=%2Fwp%2Fv2%2Fcategories&post=6238"},{"taxonomy":"post_tag","embeddable":true,"href":"https:\/\/ogv-oeffingen.de\/index.php?rest_route=%2Fwp%2Fv2%2Ftags&post=6238"}],"curies":[{"name":"wp","href":"https:\/\/api.w.org\/{rel}","templated":true}]}}